[{"@context":"https:\/\/schema.org\/","@type":"Article","@id":"https:\/\/www.derex.cz\/bude-i-destivo-to-mejte-na-pameti\/#Article","mainEntityOfPage":"https:\/\/www.derex.cz\/bude-i-destivo-to-mejte-na-pameti\/","headline":"Bude i de\u0161tivo &#8211; to m\u011bjte na pam\u011bti","name":"Bude i de\u0161tivo &#8211; to m\u011bjte na pam\u011bti","description":"Jist&Auml;&#8250; u&Aring;&frac34; jste, mil&Atilde;&shy; rodi&Auml;ov&Atilde;&copy;, zaznamenali, &Aring;&frac34;e tu m&Atilde;&iexcl;me jaro, [&hellip;]","datePublished":"2023-03-11","dateModified":"2024-03-15","author":{"@type":"Person","@id":"https:\/\/www.derex.cz\/author\/#Person","name":"","url":"https:\/\/www.derex.cz\/author\/","identifier":1,"image":{"@type":"ImageObject","@id":"https:\/\/secure.gravatar.com\/avatar\/c607f8cdeb628e1fda71e81e0cbb10854858a188adc366641de57f1cadca520c?s=96&d=mm&r=g","url":"https:\/\/secure.gravatar.com\/avatar\/c607f8cdeb628e1fda71e81e0cbb10854858a188adc366641de57f1cadca520c?s=96&d=mm&r=g","height":96,"width":96}},"publisher":{"@type":"Organization","name":"derex.cz","logo":{"@type":"ImageObject","@id":"\/logo.png","url":"\/logo.png","width":600,"height":60}},"url":"https:\/\/www.derex.cz\/bude-i-destivo-to-mejte-na-pameti\/","wordCount":437,"articleBody":"Jist&Auml;&#8250; u&Aring;&frac34; jste, mil&Atilde;&shy; rodi&Auml;ov&Atilde;&copy;, zaznamenali, &Aring;&frac34;e tu m&Atilde;&iexcl;me jaro, kter&Atilde;&copy; sice zat&Atilde;&shy;m vypad&Atilde;&iexcl; su&Aring;&iexcl;e, ale po&Auml;as&Atilde;&shy; pro n&Atilde;&iexcl;s ur&Auml;it&Auml;&#8250; chyst&Atilde;&iexcl; i de&Aring;&iexcl;tiv&Atilde;&copy; dny. Zat&Atilde;&shy;mco je-li sucho, obuv sv&Atilde;&frac12;ch d&Auml;&#8250;t&Atilde;&shy; p&Aring;&#8482;&Atilde;&shy;li&Aring;&iexcl; mnoho &Aring;&#8482;e&Aring;&iexcl;it nemus&Atilde;&shy;me. Je sice pravda, &Aring;&frac34;e bychom m&Auml;&#8250;li db&Atilde;&iexcl;t na obuv, kter&Atilde;&iexcl; bude zdravotn&Auml;&#8250; nez&Atilde;&iexcl;vadn&Atilde;&iexcl; a kter&Atilde;&iexcl; na&Aring;&iexcl;im d&Auml;&#8250;tem nebude ni&Auml;it chodidla, a t&Atilde;&shy;m p&Atilde;&iexcl;dem jim do budoucna nep&Aring;&#8482;ivod&Atilde;&shy; nenapraviteln&Atilde;&iexcl; traumata v podob&Auml;&#8250; onemocn&Auml;&#8250;n&Atilde;&shy; p&Atilde;&iexcl;te&Aring;&#8482;e a dal&Aring;&iexcl;&Atilde;&shy;ch zdravotn&Atilde;&shy;ch po&Aring;&iexcl;kozen&Atilde;&shy;, ale je fakt, &Aring;&frac34;e je-li sucho, d&Auml;&#8250;ti mohou jen tak vyb&Auml;&#8250;hnout &#8211; t&Aring;&#8482;eba v ba&Auml;k&Aring;&macr;rk&Atilde;&iexcl;ch. Pro p&Aring;&#8482;&Atilde;&shy;pad de&Aring;&iexcl;tiv&Atilde;&copy;ho po&Auml;as&Atilde;&shy;, kter&Atilde;&copy; n&Atilde;&iexcl;s ur&Auml;it&Auml;&#8250; &Auml;ek&Atilde;&iexcl; i letos, bychom jim proto m&Auml;&#8250;li obstarat d&Auml;&#8250;tsk&Atilde;&copy; holinky, kter&Atilde;&copy; je p&Aring;&#8482;ed kalu&Aring;&frac34;emi a bl&Atilde;&iexcl;tem spolehliv&Auml;&#8250; ochr&Atilde;&iexcl;n&Atilde;&shy;.Pro kluky i pro holkyKdy&Aring;&frac34; nav&Aring;&iexcl;t&Atilde;&shy;v&Atilde;&shy;te n&Atilde;&iexcl;&Aring;&iexcl; web, zjist&Atilde;&shy;te, &Aring;&frac34;e nab&Atilde;&shy;dka v tomto sortimentu je opravdu velmi bohat&Atilde;&iexcl; a &Aring;&iexcl;irok&Atilde;&iexcl;, a to jak do tvarov&Atilde;&frac12;ch modifikac&Atilde;&shy;, tak i barevn&Auml;&#8250;. Ur&Auml;it&Auml;&#8250; si vyberou hol&Auml;i&Auml;ky i kluci. D&Auml;&#8250;tsk&Atilde;&copy; holinky a gum&Atilde;&iexcl;ky Demar jsou pojmem na sv&Auml;&#8250;tov&Atilde;&frac12;ch trz&Atilde;&shy;ch. Jedn&Atilde;&iexcl; se o velmi &Aring;&frac34;&Atilde;&iexcl;dan&Atilde;&copy; obut&Atilde;&shy; pro d&Auml;&#8250;ti. &Aring;&frac12;&Atilde;&iexcl;dejte je tedy pro sv&Atilde;&copy; d&Auml;&#8250;ti i vy.                                                                                                                                                                                                                                                                                                                                                                                        4.5\/5 - (10 votes)        "},{"@context":"https:\/\/schema.org\/","@type":"BreadcrumbList","itemListElement":[{"@type":"ListItem","position":1,"name":"Bude i de\u0161tivo &#8211; to m\u011bjte na pam\u011bti","item":"https:\/\/www.derex.cz\/bude-i-destivo-to-mejte-na-pameti\/#breadcrumbitem"}]}]