[{"@context":"https:\/\/schema.org\/","@type":"Article","@id":"https:\/\/www.derex.cz\/jak-vybrat-firemni-stravovani\/#Article","mainEntityOfPage":"https:\/\/www.derex.cz\/jak-vybrat-firemni-stravovani\/","headline":"Jak vybrat firemn\u00ed stravov\u00e1n\u00ed","name":"Jak vybrat firemn\u00ed stravov\u00e1n\u00ed","description":"Asi ka\u017ed\u00fd v\u00ed, \u017ee z\u00e1kladem dobr\u00e9ho pracovn\u00edho v\u00fdkonu je spokojen\u00fd [&hellip;]","datePublished":"2020-10-12","dateModified":"2023-05-07","author":{"@type":"Person","@id":"https:\/\/www.derex.cz\/author\/#Person","name":"","url":"https:\/\/www.derex.cz\/author\/","identifier":1,"image":{"@type":"ImageObject","@id":"https:\/\/secure.gravatar.com\/avatar\/c607f8cdeb628e1fda71e81e0cbb10854858a188adc366641de57f1cadca520c?s=96&d=mm&r=g","url":"https:\/\/secure.gravatar.com\/avatar\/c607f8cdeb628e1fda71e81e0cbb10854858a188adc366641de57f1cadca520c?s=96&d=mm&r=g","height":96,"width":96}},"publisher":{"@type":"Organization","name":"derex.cz","logo":{"@type":"ImageObject","@id":"\/logo.png","url":"\/logo.png","width":600,"height":60}},"image":{"@type":"ImageObject","@id":"https:\/\/www.derex.cz\/wp-content\/uploads\/img_a389121_w2996_t1604058317.jpg","url":"https:\/\/www.derex.cz\/wp-content\/uploads\/img_a389121_w2996_t1604058317.jpg","height":0,"width":0},"url":"https:\/\/www.derex.cz\/jak-vybrat-firemni-stravovani\/","about":["Business"],"wordCount":427,"articleBody":"         Asi ka\u017ed\u00fd v\u00ed, \u017ee z\u00e1kladem dobr\u00e9ho pracovn\u00edho v\u00fdkonu je spokojen\u00fd zam\u011bstnanec. A cesta k tomu vede, mimo jin\u00e9, tak\u00e9 p\u0159es spokojen\u00fd \u017ealudek. Koneckonc\u016f, pr\u00e1v\u011b proto maj\u00ed ti, kte\u0159\u00ed pracuj\u00ed na pln\u00fd \u00favazek, n\u00e1rok na p\u016flhodinovou p\u0159est\u00e1vku na j\u00eddlo. Ta nesm\u00ed b\u00fdt d\u00e1na na za\u010d\u00e1tek, ani na konec pracovn\u00ed doby, i kdy\u017e n\u011bkte\u0159\u00ed zam\u011bstnanci by k tomu byli ochotni, nebo\u0165 by to znamenalo, \u017ee mohou j\u00edt o p\u016fl hodiny d\u0159\u00edv dom\u016f. Samoz\u0159ejm\u011b nen\u00ed povinnost\u00ed zam\u011bstnavatele zajistit sv\u00fdm zam\u011bstnanc\u016fm j\u00eddlo. Ti si jej mohou bu\u010f p\u0159in\u00e9st z domova, nebo si jej j\u00edt koupit b\u011bhem p\u0159est\u00e1vky do bl\u00edzk\u00e9ho kr\u00e1mku. Mus\u00ed ov\u0161em po\u010d\u00edtat s t\u00edm, \u017ee jej mus\u00ed i stihnout sn\u00edst. Proto se obvykle nechod\u00ed do restaurac\u00ed. Na\u0161e hlavn\u00ed m\u011bsto v tom nen\u00ed nijak odli\u0161n\u00e9. Av\u0161ak podobn\u011b jako mnoho jin\u00fdch, i Praha m\u00e1 okrajov\u00e9 pr\u016fmyslov\u00e9 z\u00f3ny, kde jsou situov\u00e1ny tov\u00e1rny. To je pochopiteln\u00e9, nebo\u0165 tak se hluk i z\u00e1pach nedostanou v takov\u00e9m mno\u017estv\u00ed do obytn\u00fdch \u010di n\u00e1kupn\u00edch z\u00f3n. Probl\u00e9m je, \u017ee v bl\u00edzkosti obvykle nen\u00ed \u017e\u00e1dn\u00fd kr\u00e1mek a p\u0159i takov\u00e9m mno\u017estv\u00ed pracovn\u00edk\u016f nen\u00ed p\u0159\u00edli\u0161 vhodn\u00e9, aby si jej v\u0161ichni nosili z domova. Nen\u00ed tedy divu, \u017ee mnoho zam\u011bstnavatel\u016f zde nab\u00edz\u00ed sv\u00fdm zam\u011bstnanc\u016fm mo\u017enost vyu\u017e\u00edt firemn\u00ed stravov\u00e1n\u00ed Praha. To znamen\u00e1, \u017ee jim dan\u00e1 firma v ur\u010denou dobu p\u0159iveze tepl\u00e9 j\u00eddlo, kter\u00e9 si budou moci hned sn\u00edst. Ov\u0161em vybrat vhodnou firmu, kter\u00e1 firemn\u00ed stravov\u00e1n\u00ed na Praze poskytuje, tak\u00e9 nen\u00ed zrovna jednoduch\u00e9. Jist\u011b, tuto slu\u017ebu si z v\u011bt\u0161\u00ed \u010d\u00e1sti plat\u00ed zam\u011bstnanec, i kdy\u017e zam\u011bstnavatel m\u016f\u017ee v r\u00e1mci benefit\u016f poskytnout ur\u010dit\u00fd p\u0159\u00edsp\u011bvek. Ov\u0161em zam\u011bstnanci ani zam\u011bstnavatel\u00e9 budou cht\u00edt platit co nejm\u00e9n\u011b. To je pochopiteln\u00e9, av\u0161ak je nutn\u00e9 tak\u00e9 uv\u00e1\u017eit jin\u00e9 v\u011bci. Tou nejd\u016fle\u017eit\u011bj\u0161\u00ed je spolehlivost a kvalita kuchyn\u011b. Asi nikomu se nebude cht\u00edt platit, kdy\u017e j\u00eddlo p\u0159ivezou a\u017e na konci pauzy, kdy nem\u00e1 \u0161anci si jej sn\u00edst, ani kdy\u017e je studen\u00e9 nebo nedova\u0159en\u00e9. I proto je spr\u00e1vn\u00fd v\u00fdb\u011br firmy, kter\u00e1 tuto slu\u017ebu zaji\u0161\u0165uje, tak d\u016fle\u017eit\u00fd. Koneckonc\u016f, jde tu o spokojenost zam\u011bstnanc\u016f.                                                                                                                                                                                                                                                                                                                                                                                         5\/5 - (3 votes)        "},{"@context":"https:\/\/schema.org\/","@type":"BreadcrumbList","itemListElement":[{"@type":"ListItem","position":1,"name":"Jak vybrat firemn\u00ed stravov\u00e1n\u00ed","item":"https:\/\/www.derex.cz\/jak-vybrat-firemni-stravovani\/#breadcrumbitem"}]}]