[{"@context":"https:\/\/schema.org\/","@type":"Article","@id":"https:\/\/www.derex.cz\/jste-kreativni\/#Article","mainEntityOfPage":"https:\/\/www.derex.cz\/jste-kreativni\/","headline":"Jste kreativn\u00ed?","name":"Jste kreativn\u00ed?","description":"V nab\u00eddce dne\u0161n\u00edho obchodu je i spousta nejr\u016fzn\u011bj\u0161\u00edho oble\u010den\u00ed a [&hellip;]","datePublished":"2025-03-29","dateModified":"2025-03-29","author":{"@type":"Person","@id":"https:\/\/www.derex.cz\/author\/#Person","name":"","url":"https:\/\/www.derex.cz\/author\/","identifier":1,"image":{"@type":"ImageObject","@id":"https:\/\/secure.gravatar.com\/avatar\/c607f8cdeb628e1fda71e81e0cbb10854858a188adc366641de57f1cadca520c?s=96&d=mm&r=g","url":"https:\/\/secure.gravatar.com\/avatar\/c607f8cdeb628e1fda71e81e0cbb10854858a188adc366641de57f1cadca520c?s=96&d=mm&r=g","height":96,"width":96}},"publisher":{"@type":"Organization","name":"derex.cz","logo":{"@type":"ImageObject","@id":"\/logo.png","url":"\/logo.png","width":600,"height":60}},"image":{"@type":"ImageObject","@id":"https:\/\/www.derex.cz\/wp-content\/uploads\/%C5%A1_10_1.jpg","url":"https:\/\/www.derex.cz\/wp-content\/uploads\/%C5%A1_10_1.jpg","height":0,"width":0},"url":"https:\/\/www.derex.cz\/jste-kreativni\/","about":["Produkty"],"wordCount":446,"articleBody":"      V nab\u00eddce dne\u0161n\u00edho obchodu je i spousta nejr\u016fzn\u011bj\u0161\u00edho oble\u010den\u00ed a toho, co s n\u00edm souvis\u00ed. Na rozd\u00edl od minul\u00fdch dob tak nehroz\u00ed, \u017ee bychom si snad nem\u011bli z \u010deho vyb\u00edrat. Sortiment je skute\u010dn\u011b \u0161irok\u00fd, vietnamsk\u00fdmi tr\u017ei\u0161ti po\u010d\u00ednaje a luxusn\u00edmi salony kon\u010de, a ka\u017ed\u00fd, kdo hled\u00e1, tak najde to prav\u00e9. Ka\u017ed\u00fd by tedy mohl b\u00fdt s v\u00fdb\u011brem spokojen\u00fd. Ka\u017ed\u00fd se\u017eene lehce n\u011bco na sebe. Ale p\u0159esto jsou mezi n\u00e1mi i nejr\u016fzn\u011bj\u0161\u00ed mo\u017en\u00ed nespokojenci. Jsou i lid\u00e9, kte\u0159\u00ed cht\u011bj\u00ed n\u011bco natolik extra, \u017ee se jim \u017e\u00e1dn\u00fd v\u00fdrobce nezavd\u011b\u010d\u00ed, a jsou i ti, jim\u017e t\u0159eba vad\u00ed jenom p\u0159edstava, \u017ee by moli nosit to co jin\u00ed. A kdy\u017e tedy chce n\u011bkdo n\u011bco zvl\u00e1\u0161tn\u00edho, m\u016f\u017ee si to tak\u00e9 s\u00e1m u\u0161\u00edt.Pro\u010d by ne? Kdy\u017e je \u010dlov\u011bk dost \u0161ikovn\u00fd a vhodn\u011b vybaven\u00fd, m\u016f\u017ee si zaplnit sv\u016fj \u0161atn\u00edk klidn\u011b i jenom sv\u00fdmi vlastn\u00edmi v\u00fdtvory. A zat\u00edmco je \u0161ikovnost u ka\u017ed\u00e9ho z n\u00e1s individu\u00e1ln\u00ed, materi\u00e1l vhodn\u00fd k takov\u00e9mu uspokojov\u00e1n\u00ed sv\u00e9 kreativity se\u017eene skute\u010dn\u011b ka\u017ed\u00fd z n\u00e1s. I zde je nab\u00eddka tak velk\u00e1, \u017ee si z n\u00ed jist\u011b ka\u017ed\u00fd vybere.Tak\u017ee sta\u010d\u00ed t\u0159eba jehla, nit, l\u00e1tka a pru\u017eenka https:\/\/www.prima-obchod.cz\/produkty\/textilni-galanterie\/pruzenky-gumy a m\u016f\u017eeme si u\u0161\u00edt n\u011bco na sebe i sami.\u017de v\u00e1s takov\u00e1 mo\u017enost zaujala a cht\u011bli byste se o n\u011bco pokusit i vy sami? Pak nev\u00e1hejte a zkuste to. Za pokus nic ned\u00e1te. A \u017ee nev\u00edte, kde si v\u0161echen ten dokonal\u00fd materi\u00e1l po\u0159\u00eddit? Pak v\u00e1m porad\u00edm internet, kde je prodejc\u016f n\u011b\u010deho takov\u00e9ho spousta. A pokud se nechcete takov\u00fdmi spoustami nab\u00eddek prob\u00edrat a ztr\u00e1cet t\u00edm \u010das? Pak je tu i Prima obchod, kde najdete spousty v\u0161eho, co by se v\u00e1m mohlo hodit. Jsou tady ve velk\u00e9m v\u00fdb\u011bru nejen u\u017e zm\u00edn\u011bn\u00e9 l\u00e1tky, pru\u017eenky a dal\u0161\u00ed \u0161ic\u00ed pot\u0159eby, ale t\u0159eba i kor\u00e1lky, bi\u017euterie, komponenty, materi\u00e1ly ur\u010den\u00e9 ke tvo\u0159en\u00ed a aran\u017eov\u00e1n\u00ed, prost\u011b v\u0161e, co si jenom v t\u00e9to souvislosti dok\u00e1\u017eete p\u0159edstavit. A kdy\u017e se tady z\u00e1sob\u00edte v\u0161\u00edm, co se v\u00e1m l\u00edb\u00ed, vytvo\u0159\u00edte t\u0159eba i neuv\u011b\u0159iteln\u00e9 v\u011bci. Na kter\u00e9 budete hrd\u00ed.                                                                                                                                                                                                                                                                                                                                                                                          4\/5 - (2 votes)        "},{"@context":"https:\/\/schema.org\/","@type":"BreadcrumbList","itemListElement":[{"@type":"ListItem","position":1,"name":"Jste kreativn\u00ed?","item":"https:\/\/www.derex.cz\/jste-kreativni\/#breadcrumbitem"}]}]