[{"@context":"https:\/\/schema.org\/","@type":"Article","@id":"https:\/\/www.derex.cz\/lisabon-obchodni-centrum-uz-od-12-stoleti\/#Article","mainEntityOfPage":"https:\/\/www.derex.cz\/lisabon-obchodni-centrum-uz-od-12-stoleti\/","headline":"Lisabon-obchodn\u00ed centrum u\u017e od 12. stolet\u00ed","name":"Lisabon-obchodn\u00ed centrum u\u017e od 12. stolet\u00ed","description":"Pokud se chcete do Lisabonu dostat levn\u011b, za\u010dn\u011bte si cestu [&hellip;]","datePublished":"2020-05-09","dateModified":"2023-10-10","author":{"@type":"Person","@id":"https:\/\/www.derex.cz\/author\/#Person","name":"","url":"https:\/\/www.derex.cz\/author\/","identifier":1,"image":{"@type":"ImageObject","@id":"https:\/\/secure.gravatar.com\/avatar\/c607f8cdeb628e1fda71e81e0cbb10854858a188adc366641de57f1cadca520c?s=96&d=mm&r=g","url":"https:\/\/secure.gravatar.com\/avatar\/c607f8cdeb628e1fda71e81e0cbb10854858a188adc366641de57f1cadca520c?s=96&d=mm&r=g","height":96,"width":96}},"publisher":{"@type":"Organization","name":"derex.cz","logo":{"@type":"ImageObject","@id":"\/logo.png","url":"\/logo.png","width":600,"height":60}},"image":{"@type":"ImageObject","@id":"https:\/\/www.derex.cz\/wp-content\/uploads\/vyhl%C3%ADdka%20na%20Lisabon.jpg","url":"https:\/\/www.derex.cz\/wp-content\/uploads\/vyhl%C3%ADdka%20na%20Lisabon.jpg","height":0,"width":0},"url":"https:\/\/www.derex.cz\/lisabon-obchodni-centrum-uz-od-12-stoleti\/","about":["Business"],"wordCount":422,"articleBody":"      Pokud se chcete do Lisabonu dostat levn\u011b, za\u010dn\u011bte si cestu pl\u00e1novat s p\u0159edstihem. Z\u00edskat nejlevn\u011bj\u0161\u00ed letenky do lisabonu v\u00e1m m\u016f\u017ee zabrat trochu \u010dasu, proto\u017ee z\u00e1jem o tuto destinaci je velik\u00fd.Lisabon je nejz\u00e1padn\u011bj\u0161\u00edm hlavn\u00edm m\u011bstem na evropsk\u00e9 pevnin\u011b. U\u017e od 12. stolet\u00ed je na tomto m\u00edst\u011b \u010dil\u00fd obchodn\u00ed ruch, co\u017e je d\u00e1no p\u0159edev\u0161\u00edm polohou velk\u00e9ho p\u0159\u00edstavu. Pro milovn\u00edky historie je m\u011bsto zdrojem nev\u0161edn\u00edch d\u011bjin, kter\u00e9 se zdej\u0161\u00edm regionem doslova prohnaly. Po cel\u00e1 stalet\u00ed se m\u011bsto roz\u0161i\u0159ovalo a zvelebovalo, a o to v\u011bt\u0161\u00ed trag\u00e9di\u00ed bylo, kdy\u017e se 1. listopadu 1755 ot\u0159\u00e1slo cel\u00e9 m\u011bsto v z\u00e1kladech a siln\u00e9 zem\u011bt\u0159esen\u00ed za\u010dalo devastaci m\u011bsta. Aby byla katastrofa zavr\u0161en\u00e1, d\u00edky chaosu a zni\u010den\u00fdm stavb\u00e1m se v m\u011bst\u011b vzn\u00edtilo mnoho po\u017e\u00e1r\u016f a n\u00e1sledn\u011b je\u0161t\u011b p\u0159i\u0161la z mo\u0159e obrovsk\u00e1 vlna tsunami. Po\u010det mrtv\u00fdch se tehdy odhadovalo a\u017e na 100 tis\u00edc. Dal\u0161\u00ed tragick\u00e9 chv\u00edle za\u017eilo m\u011bsto s p\u0159\u00edchodem napoleonsk\u00fdch vojsk v 19. stolet\u00ed a s moderniza\u010dn\u00edmi z\u00e1kony, kter\u00e9 m\u011bly za n\u00e1sledek vykr\u00e1d\u00e1n\u00ed staveb v majetku c\u00edrkve, a tak z m\u011bsta zmizelo mnoho cenn\u00fdch artefakt\u016f.M\u00edstn\u00ed obyvatel\u00e9 se nenechali zlomit a d\u00e1l sv\u00e9 m\u011bsto budovali a zvelebovali a dnes u\u017e nikde nenajdete stopy po tragick\u00e9 historii.Lisabon je m\u011bsto pln\u00e9 nad\u0161en\u00fdch a energick\u00fdch lid\u00ed. V\u0161ichni zde miluj\u00ed fotbal a v\u0161ichni aktivn\u011b podporuj\u00ed n\u011bkter\u00fd ze t\u0159\u00ed zn\u00e1m\u00fdch p\u0159edn\u00edch portugalsk\u00fdch klub\u016f, kter\u00e9 ve m\u011bst\u011b s\u00eddl\u00ed.Stejn\u011b tak maj\u00ed m\u00edstn\u00ed lid\u00e9 dobr\u00fd vztah k j\u00eddlu. Strava je zde velice pestr\u00e1, proto\u017ee z\u00e1kladem je st\u0159edozemn\u00ed kuchyn\u011b, kter\u00e1 je ovlivn\u011bn\u00e1 j\u00eddly, kter\u00e1 sem byla p\u0159ivezena z portugalsk\u00fdch koloni\u00ed. P\u0159\u00edzniv\u00e1 poloha u mo\u0159e p\u0159eje rybolovu, a tak v menu m\u00edstn\u00edch restaurac\u00ed v\u00e9vod\u00ed ryby a mo\u0159sk\u00e9 plody. M\u00edstn\u00ed specialitou jsou pln\u011bn\u00e9 olihn\u011b. Ve st\u00e1nc\u00edch na tr\u017ei\u0161t\u00edch a u turistick\u00fdch cest naraz\u00edte na popul\u00e1rn\u00ed sendvi\u010d pln\u011bn\u00fd masem a zalit\u00fd om\u00e1\u010dkou z raj\u010dat a piva, tradi\u010dn\u00ed su\u0161en\u00fd sal\u00e1m, su\u0161en\u00e9 tresky, ku\u0159e po africku, region\u00e1ln\u00ed s\u00fdry a spoustu dal\u0161\u00edch dobrot.                                                                                                                                                                                                                                                                                                                                                                                          3.8\/5 - (13 votes)        "},{"@context":"https:\/\/schema.org\/","@type":"BreadcrumbList","itemListElement":[{"@type":"ListItem","position":1,"name":"Lisabon-obchodn\u00ed centrum u\u017e od 12. stolet\u00ed","item":"https:\/\/www.derex.cz\/lisabon-obchodni-centrum-uz-od-12-stoleti\/#breadcrumbitem"}]}]