[{"@context":"https:\/\/schema.org\/","@type":"Article","@id":"https:\/\/www.derex.cz\/potisk-tricek\/#Article","mainEntityOfPage":"https:\/\/www.derex.cz\/potisk-tricek\/","headline":"Potisk tri\u010dek","name":"Potisk tri\u010dek","description":"Rozhodli jste se zviditelnit va\u0161i firmu a obdarovat va\u0161e z\u00e1kazn\u00edky [&hellip;]","datePublished":"2025-01-15","dateModified":"2025-01-15","author":{"@type":"Person","@id":"https:\/\/www.derex.cz\/author\/#Person","name":"","url":"https:\/\/www.derex.cz\/author\/","identifier":1,"image":{"@type":"ImageObject","@id":"https:\/\/secure.gravatar.com\/avatar\/c607f8cdeb628e1fda71e81e0cbb10854858a188adc366641de57f1cadca520c?s=96&d=mm&r=g","url":"https:\/\/secure.gravatar.com\/avatar\/c607f8cdeb628e1fda71e81e0cbb10854858a188adc366641de57f1cadca520c?s=96&d=mm&r=g","height":96,"width":96}},"publisher":{"@type":"Organization","name":"derex.cz","logo":{"@type":"ImageObject","@id":"\/logo.png","url":"\/logo.png","width":600,"height":60}},"url":"https:\/\/www.derex.cz\/potisk-tricek\/","wordCount":175,"articleBody":"Rozhodli jste se zviditelnit va\u0161i firmu a obdarovat va\u0161e z\u00e1kazn\u00edky a klienty origin\u00e1ln\u00edmi d\u00e1rkov\u00fdmi p\u0159edm\u011bty? Nyn\u00ed hled\u00e1te spolehliv\u00e9ho partnera, kter\u00fd by v\u00e1m zajistil potisk tri\u010dek a dal\u0161\u00edch osobit\u00fdch v\u011bc\u00ed? Pak n\u00e1s nev\u00e1hejte co nejd\u0159\u00edve oslovit.My se um\u00edme postarat o potisk tri\u010dek a dal\u0161\u00edch p\u0159edm\u011bt\u016f, proto\u017ee vlastn\u00edme ty nejlep\u0161\u00ed technologie k tomu, abychom potiskly jak\u00fdkoli materi\u00e1l a t\u00edm dos\u00e1hli va\u0161\u00ed maxim\u00e1ln\u00ed spokojenosti. Pokud se rozhodnete pro celou s\u00e9rii p\u0159edm\u011bt\u016f, p\u0159edlo\u017e\u00edme v\u00e1m vzorek ke kontrole a p\u0159\u00edpadn\u00fdm \u00faprav\u00e1m.U n\u00e1s se m\u016f\u017eete spolehnout na kvalituPotisk tri\u010dek s jak\u00fdmkoli motivem je na\u0161\u00ed specialitou, ale r\u00e1di v\u00e1m p\u0159iprav\u00edme i dal\u0161\u00ed b\u011b\u017en\u00e9 reklamn\u00ed p\u0159edm\u011bty, kter\u00fdmi pot\u011b\u0161\u00edte ka\u017ed\u00e9ho va\u0161eho st\u00e1vaj\u00edc\u00edho i potenci\u00e1ln\u00edho z\u00e1kazn\u00edka.                                                                                                                                                                                                                                                                                                                                                                                        4.2\/5 - (4 votes)        "},{"@context":"https:\/\/schema.org\/","@type":"BreadcrumbList","itemListElement":[{"@type":"ListItem","position":1,"name":"Potisk tri\u010dek","item":"https:\/\/www.derex.cz\/potisk-tricek\/#breadcrumbitem"}]}]