[{"@context":"https:\/\/schema.org\/","@type":"Article","@id":"https:\/\/www.derex.cz\/pro-krasu\/#Article","mainEntityOfPage":"https:\/\/www.derex.cz\/pro-krasu\/","headline":"Pro kr\u00e1su","name":"Pro kr\u00e1su","description":"Ka\u017ed\u00e1 \u017eena by si p\u0159\u00e1la m\u00edt opravdu kr\u00e1snou a dokonalou [&hellip;]","datePublished":"2023-05-12","dateModified":"2023-07-27","author":{"@type":"Person","@id":"https:\/\/www.derex.cz\/author\/#Person","name":"","url":"https:\/\/www.derex.cz\/author\/","identifier":1,"image":{"@type":"ImageObject","@id":"https:\/\/secure.gravatar.com\/avatar\/c607f8cdeb628e1fda71e81e0cbb10854858a188adc366641de57f1cadca520c?s=96&d=mm&r=g","url":"https:\/\/secure.gravatar.com\/avatar\/c607f8cdeb628e1fda71e81e0cbb10854858a188adc366641de57f1cadca520c?s=96&d=mm&r=g","height":96,"width":96}},"publisher":{"@type":"Organization","name":"derex.cz","logo":{"@type":"ImageObject","@id":"\/logo.png","url":"\/logo.png","width":600,"height":60}},"image":{"@type":"ImageObject","@id":"https:\/\/www.derex.cz\/wp-content\/uploads\/woman-3026201_1280.jpg","url":"https:\/\/www.derex.cz\/wp-content\/uploads\/woman-3026201_1280.jpg","height":0,"width":0},"url":"https:\/\/www.derex.cz\/pro-krasu\/","about":["Business"],"wordCount":409,"articleBody":"   Ka\u017ed\u00e1 \u017eena by si p\u0159\u00e1la m\u00edt opravdu kr\u00e1snou a dokonalou ple\u0165. A j\u00e1 nejsem v\u00fdjimka. Proto\u017ee m\u016fj sen byl v\u017edycky takov\u00fd, abych m\u011bla kr\u00e1snou a jemnou d\u011btskou ple\u0165. Ale to nen\u00ed jednoduch\u00e9! Jenom\u017ee aby m\u011bl n\u011bkdo opravdu dokonalou a hladkou ple\u0165, tak tak\u00e9 pot\u0159ebuje kvalitn\u00ed p\u00e9\u010di. A to neznamen\u00e1, \u017ee bude pou\u017e\u00edvat jenom n\u011bjak\u00fd kr\u00e9m, i kdy\u017e samoz\u0159ejm\u011b ano, i kr\u00e9my jsou velice d\u016fle\u017eit\u00e9 proto, aby \u017eena z\u016fstala dlouho kr\u00e1sn\u00e1 a mlad\u00e1. Ov\u0161em ale kdy\u017e m\u00e1 n\u011bkdo n\u011bjak\u00e9 probl\u00e9my s plet\u00ed, tak je to potom velice smutn\u00e9 a mnohdy i slo\u017eit\u00e9. Vzpom\u00edn\u00e1m si t\u0159eba na sebe, kdy jsem celou pubertu, a je\u0161t\u011b jsem i do sv\u00fdch p\u011btadvaceti let trp\u011bla st\u00e1le na siln\u00e9 akn\u00e9. Bylo to opravdu hodn\u011b bolestiv\u00e9. A kolikr\u00e1t jsem se tak\u00e9 styd\u011bla j\u00edt i do \u0161koly, proto\u017ee moje akn\u00e9 bylo opravdu tak \u0161kared\u00e9, a tak velik\u00e9, \u017ee to ne\u0161lo p\u0159ehl\u00e9dnout. Tak\u00e9 jsem se pr\u00e1v\u011b st\u00e1vala ter\u010dem \u0161ikany a posm\u011bchu, proto\u017ee jsem m\u011bla opravdu \u0161kared\u00e9 a za\u010dervenal\u00e9 akn\u00e9. Pozd\u011bji, kdy\u017e mi akn\u00e9 zmizelo, tak se za\u010daly u\u017e objevovat jemn\u00e9 linky a mal\u00e9 vr\u00e1sky, kter\u00fdch jsem se tak\u00e9 cht\u011bla zbavit. A proto je opravdu nejlep\u0161\u00ed, kdy\u017e budete u\u017e\u00edvat kolagen. A v\u00edte v\u016fbec, co je to kolagen? Pro v\u00edce informac\u00ed okolo kolagenu pro \u017eeny se dozv\u00edte na webov\u00e9 str\u00e1nce orcacollagen.cz, kde je v\u00edce u\u017eite\u010dn\u00fdch informac\u00ed a rad. Existuje opravdu kvalitn\u00ed kolagen pro \u017eeny, kter\u00fd si koup\u00edte a budete u\u017e\u00edvat pravideln\u011b. A pr\u00e1v\u011b d\u00edky s\u00edle kolagenu va\u0161e ple\u0165 bude pevn\u011bj\u0161\u00ed a vyprat tak\u00e9 mlad\u0161\u00ed. A nav\u00edc d\u00edky kolagenu budou i va\u0161e vlasy a nehty v lep\u0161\u00ed kondici. J\u00e1 jsem d\u0159\u00edve tak\u00e9 m\u011bla velice l\u00e1mav\u00e9 nehty, a pr\u00e1v\u011b d\u00edky kvalitn\u00edmu kolagenu pro \u017eeny se mi nechce zpevnily. A sice mus\u00edte po\u010dkat alespo\u0148 t\u0159i m\u011bs\u00edce, ne\u017e se vy\u017eiv\u00ed opravdu celkov\u011b nehty, ale v\u011b\u0159te mi, \u017ee to stoj\u00ed za to. A pro kr\u00e1snou ple\u0165 a tak\u00e9 zdrav\u00ed kloub\u016f a kost\u00ed. Na to je opravdu kvalitn\u00ed kolagen pro \u017eeny velice vhodn\u00fd.                                                                                                                                                                                                                                                                                                                                                                                           3.7\/5 - (7 votes)        "},{"@context":"https:\/\/schema.org\/","@type":"BreadcrumbList","itemListElement":[{"@type":"ListItem","position":1,"name":"Pro kr\u00e1su","item":"https:\/\/www.derex.cz\/pro-krasu\/#breadcrumbitem"}]}]