[{"@context":"https:\/\/schema.org\/","@type":"Article","@id":"https:\/\/www.derex.cz\/tolice-vojteska\/#Article","mainEntityOfPage":"https:\/\/www.derex.cz\/tolice-vojteska\/","headline":"Tolice vojt\u011b\u0161ka","name":"Tolice vojt\u011b\u0161ka","description":"Vojt\u011b\u0161ka je u n\u00e1s velmi obl\u00edben\u00e1 plodina, ale jen m\u00e1lokdo [&hellip;]","datePublished":"2020-10-11","dateModified":"2023-05-07","author":{"@type":"Person","@id":"https:\/\/www.derex.cz\/author\/#Person","name":"","url":"https:\/\/www.derex.cz\/author\/","identifier":1,"image":{"@type":"ImageObject","@id":"https:\/\/secure.gravatar.com\/avatar\/c607f8cdeb628e1fda71e81e0cbb10854858a188adc366641de57f1cadca520c?s=96&d=mm&r=g","url":"https:\/\/secure.gravatar.com\/avatar\/c607f8cdeb628e1fda71e81e0cbb10854858a188adc366641de57f1cadca520c?s=96&d=mm&r=g","height":96,"width":96}},"publisher":{"@type":"Organization","name":"derex.cz","logo":{"@type":"ImageObject","@id":"\/logo.png","url":"\/logo.png","width":600,"height":60}},"image":{"@type":"ImageObject","@id":"https:\/\/www.derex.cz\/wp-content\/uploads\/tolice%20vojt%C4%9B%C5%A1ka_2.jpg","url":"https:\/\/www.derex.cz\/wp-content\/uploads\/tolice%20vojt%C4%9B%C5%A1ka_2.jpg","height":0,"width":0},"url":"https:\/\/www.derex.cz\/tolice-vojteska\/","about":["Produkty"],"wordCount":478,"articleBody":"      Vojt\u011b\u0161ka je u n\u00e1s velmi obl\u00edben\u00e1 plodina, ale jen m\u00e1lokdo v\u00ed, \u017ee si ji m\u016f\u017ee p\u011bstovat hezky pohodln\u011b doma a m\u00edt tak neomezen\u00fd p\u0159\u00edstup zdrav\u00fdch l\u00e1tek.Tolice vojt\u011b\u0161kaU\u017eite\u010dn\u00e1 p\u00edcninaVojt\u011b\u0161ku m\u016f\u017eete velmi dob\u0159e, proto\u017ee se p\u011bstuje i na pol\u00edch v na\u0161\u00ed republice, a to mnohdy v hojn\u00e9m zastoupen\u00ed. Pozn\u00e1te ji podle \u0159ap\u00edkat\u00fdch list\u016f a typick\u00fdch kv\u011bt\u016f do fin\u00e1lov\u00e9ho zbarven\u00ed. Pokud se t\u00e9to rostlin\u011b da\u0159\u00ed, tak rozhodn\u011b nen\u00ed probl\u00e9m, aby dorostla v\u00fd\u0161ky a\u017e 90 cm. Jej\u00ed hezk\u00fd kv\u011bt m\u016f\u017eeme pozorovat pom\u011brn\u011b v odli\u0161n\u00fdch obdob\u00ed, proto\u017ee z\u00e1le\u017e\u00ed na doby zasazen\u00ed. Rozhodn\u011b vytv\u00e1\u0159\u00ed i plody v podob\u011b lusk\u016f, kter\u00e9 v sob\u011b zaji\u0161\u0165uj\u00ed sem\u00ednka, jen\u017e samoz\u0159ejm\u011b slou\u017e\u00ed k rozmno\u017eov\u00e1n\u00ed rostliny. U jej\u00edho vy\u017eit\u00ed z\u00e1le\u017e\u00ed na po\u010dtu se\u010d\u00ed, co\u017e se li\u0161\u00ed podle oblast\u00ed jej\u00edho p\u011bstov\u00e1n\u00ed. Jej\u00ed hlavn\u00ed \u00fa\u010del je pro krmen\u00ed zv\u00ed\u0159at, proto\u017ee jim dod\u00e1v\u00e1 mnoho d\u016fle\u017eit\u00fdch l\u00e1tek, kter\u00e9 pot\u0159ebuj\u00ed ke sv\u00e9mu \u017eivotu. D\u00e1vka se v\u017edy mus\u00ed p\u0159izp\u016fsobit typu zv\u00ed\u0159ete a jeho pohybov\u00e9 aktivit\u011b, proto\u017ee men\u0161\u00edm zv\u00ed\u0159at\u016fm s m\u00e9n\u011b pohybem nem\u016f\u017eeme d\u00e1vat zbyte\u010dn\u011b velkou krmenou d\u00e1vku. Je to d\u00e1no t\u00edm, \u017ee tato plodina je opravdu velmi v\u00fd\u017eivn\u00e1 a obsahuje cel\u00fd z\u00e1stup prosp\u011b\u0161n\u00fdch l\u00e1tek.KonzumaceJej\u00ed ne moc zn\u00e1m\u00e9 jm\u00e9no je Alfalfa, proto\u017ee poch\u00e1z\u00ed z Asie, ale velmi hojn\u00e9 vyu\u017eit\u00ed na\u0161la i u n\u00e1s. Tento ciz\u00ed n\u00e1zev v na\u0161em p\u0159ekladu znamen\u00e1 praotec v\u0161eho j\u00eddla, co\u017e jenom potvrzuje jej\u00ed obrovsk\u00fd v\u00fdznam. M\u016f\u017eeme ji zakoupit ve form\u011b sem\u00ednek, ze kter\u00fdch si n\u00e1sledn\u011b vyp\u011bstujeme mnoho kl\u00ed\u010dk\u016f vhodn\u00fdch ke konzumaci. Posta\u010d\u00ed n\u00e1m k tomu pouze m\u00edt zeminu, truhl\u00edk, vodu a vhodn\u00e9 m\u00edsto pro p\u011bstov\u00e1n\u00ed, co\u017e klidn\u011b m\u016f\u017ee b\u00fdt i ve Va\u0161em byt\u011b.Kl\u00ed\u010dky rostou velmi snadno a nepot\u0159ebuj\u00ed \u017e\u00e1dnou velkou p\u00e9\u010di, a proto zvl\u00e1dne jejich p\u011bstov\u00e1n\u00ed opravdu kdokoliv. M\u016f\u017eete si tak v\u017edy vyp\u011bstovat kolik budete cht\u00edt a v\u017edy m\u00edt k dispozici ide\u00e1ln\u00ed mno\u017estv\u00ed kl\u00ed\u010dk\u016f, kter\u00e9 jsou opravdu skv\u011bl\u00e9 k p\u0159\u00edm\u00e9 konzumaci a dal\u0161\u00edmi zpracov\u00e1n\u00ed do r\u016fzn\u00fdch pokrm\u016f. Existuje i vojt\u011b\u0161ka v podob\u011b pr\u00e1\u0161ku, kdy se zachov\u00e1v\u00e1 BIO kvalita. Produkt m\u00e1te u\u017e kompletn\u011b hotov\u00fd, tak\u017ee se nemus\u00edte o nic starat, proto\u017ee si z n\u011bho m\u016f\u017eeme p\u0159ipravit lahodn\u00fd n\u00e1poj, co\u017e je v dne\u0161n\u00ed dob\u011b velk\u00fd hit.                                                                                                                                                                                                                                                                                                                                                                                           3\/5 - (1 vote)        "},{"@context":"https:\/\/schema.org\/","@type":"BreadcrumbList","itemListElement":[{"@type":"ListItem","position":1,"name":"Tolice vojt\u011b\u0161ka","item":"https:\/\/www.derex.cz\/tolice-vojteska\/#breadcrumbitem"}]}]